{"id":32721,"date":"2023-09-15T15:21:48","date_gmt":"2023-09-15T13:21:48","guid":{"rendered":"https:\/\/www.benevolat-fr.ch\/einen-verein-aufloesen\/"},"modified":"2025-07-22T09:22:19","modified_gmt":"2025-07-22T07:22:19","slug":"einen-verein-aufloesen","status":"publish","type":"post","link":"https:\/\/www.benevolat-fr.ch\/de\/einen-verein-aufloesen\/","title":{"rendered":"Einen Verein aufl\u00f6sen"},"content":{"rendered":"\n<div class=\"wp-block-group is-layout-constrained wp-block-group-is-layout-constrained\">\n<div class=\"wp-block-group has-background is-layout-constrained wp-block-group-is-layout-constrained\" style=\"border-radius:8px;background-color:#aecfab80\">\n<h2 class=\"wp-block-heading\">Wie jede Organisation durchl\u00e4uft auch ein Verein verschiedene Phasen \u2013 Wachstum, R\u00fcckgang und manchmal das Ende.<\/h2>\n\n\n\n<p>So schwer es auch fallen mag, sich von einem Projekt zu verabschieden, in das viele Stunden Arbeit investiert wurden \u2013 manchmal ist die Aufl\u00f6sung eines Vereins notwendig, sei es wegen fehlender Ressourcen, mangelndem Engagement der Mitglieder oder weil der Vereinszweck erf\u00fcllt wurde.<br\/>Dieser letzte Schritt im Lebenszyklus eines Vereins muss jedoch im Einklang mit den Statuten und dem Gesetz erfolgen. Mehrere Punkte m\u00fcssen dabei sorgf\u00e4ltig beachtet werden.<\/p>\n\n\n\n<p>Wir haben Ihnen hier hilfreiche Ressourcen und eine Schritt-f\u00fcr-Schritt-Anleitung zusammengestellt, damit die Aufl\u00f6sung Ihrer Organisation unter bestm\u00f6glichen Bedingungen erfolgen kann.<\/p>\n<\/div>\n<\/div>\n\n<div class=\"wp-block-columns is-layout-flex wp-container-core-columns-is-layout-28f84493 wp-block-columns-is-layout-flex\">\n<div class=\"wp-block-column is-layout-flow wp-block-column-is-layout-flow\" style=\"flex-basis:66.66%\">\n<div class=\"wp-block-group has-background is-layout-constrained wp-block-group-is-layout-constrained\" style=\"border-radius:8px;background-color:#3d6fb480\">\n<h2 class=\"wp-block-heading\"><strong>Vorgehen<\/strong>: <strong>Aufl\u00f6sung eines Vereins<\/strong><\/h2>\n\n\n\n<ol class=\"wp-block-list\">\n<li><strong>Sicherstellen, dass die Entscheidung von einer Mehrheit getragen wird<\/strong><br\/>Die Aufl\u00f6sung eines Vereins ist ein endg\u00fcltiger Schritt. Bevor Sie diesen gehen, pr\u00fcfen Sie, ob alle anderen M\u00f6glichkeiten ausgesch\u00f6pft wurden \u2013 und ob dieser Entscheid vom Vorstand und den Mitgliedern mitgetragen wird. <\/li>\n\n\n\n<li><strong>Statuten durchlesen<\/strong><br\/>In der Regel enthalten die Statuten spezifische Vorgaben zur Aufl\u00f6sung. Hier finden Sie z.\u202fB. die n\u00f6tige Mehrheit, das f\u00fcr die Liquidation zust\u00e4ndige Organ (Vorstand, externe Person etc.) sowie die Bestimmung \u00fcber die Verwendung des verbleibenden Nettoverm\u00f6gens nach Begleichung aller Schulden. <\/li>\n\n\n\n<li><strong>Einberufung der Aufl\u00f6sungsversammlung<\/strong><br\/>Die Einladung muss die <a href=\"https:\/\/www.benevolat-fr.ch\/wp-content\/uploads\/2024\/11\/TemplateOJAGDissolution.docx\" target=\"_blank\" rel=\"noreferrer noopener\">Traktanden<\/a> enthalten und fristgerecht erfolgen (in der Regel einen Monat im Voraus oder gem\u00e4ss Statuten). Auf der Traktandenliste muss klar ersichtlich sein, dass es sich um eine Generalversammlung zur Aufl\u00f6sung des Vereins handelt. <\/li>\n\n\n\n<li><strong>Abstimmung \u00fcber die Aufl\u00f6sung<\/strong><br\/>Stellen Sie sicher, dass die gem\u00e4ss Statuten erforderliche Mehrheit (meistens zwei Drittel) erreicht wird. Bestimmen Sie das Liquidationsorgan und lassen Sie die Verwendung des Restverm\u00f6gens beschliessen, falls diese Kompetenz der GV zuf\u00e4llt. <\/li>\n\n\n\n<li><strong>Protokoll der ausserordentlichen Aufl\u00f6sungsversammlung verfassen<\/strong><br\/>Das <a href=\"https:\/\/www.benevolat-fr.ch\/wp-content\/uploads\/2024\/11\/TemplatePVAGDissolution.docx\" target=\"_blank\" rel=\"noreferrer noopener\">Protokoll<\/a> muss die Anwesenheitsliste enthalten, feststellen, ob die GV beschlussf\u00e4hig ist, und den Aufl\u00f6sungsbeschluss ausdr\u00fccklich festhalten. Es ist von zwei Vorstandsmitgliedern zu unterschreiben. <\/li>\n\n\n\n<li><strong>Abwicklung der offenen Verpflichtungen und Forderungen<\/strong><br\/>K\u00fcndigung laufender Abos, Vertr\u00e4ge und Mietverh\u00e4ltnisse; Begleichung offener Rechnungen.<\/li>\n\n\n\n<li><strong>\u00dcberweisung des verbleibenden Saldos an die vorgesehene Organisation<\/strong><br\/>Vergessen Sie nicht, das unterzeichnete Protokoll und die Statuten an Ihre Bank weiterzuleiten und die Bankverbindung des Empf\u00e4ngers anzugeben.<\/li>\n<\/ol>\n<\/div>\n\n\n\n<div class=\"wp-block-group has-background is-layout-constrained wp-block-group-is-layout-constrained\" style=\"border-radius:8px;background-color:#aecfab80\">\n<h2 class=\"wp-block-heading\">Wie unsere Partner weiterhelfen k\u00f6nnen<\/h2>\n\n\n\n<p><strong>Verein QuidJuris<\/strong><br\/><a href=\"https:\/\/qjuris.ch\/\" target=\"_blank\" rel=\"noreferrer noopener\">Website besuchen<\/a><br\/>Dieser Verein bietet erste rechtliche Einsch\u00e4tzungen an zu Fragen, die bei der Aufl\u00f6sung eines Vereins auftreten k\u00f6nnen.<\/p>\n<\/div>\n\n\n\n<div class=\"wp-block-group has-background is-layout-constrained wp-block-group-is-layout-constrained\" style=\"border-radius:8px;background-color:#c14a9080\">\n<h2 class=\"wp-block-heading\">Wussten Sie schon?<\/h2>\n\n\n\n<p>Es gibt verschiedene Arten der Aufl\u00f6sung, geregelt in den Art. 76 bis 78 ZGB:<br\/><strong>Durch den Verein (Art. 76 ZGB)<\/strong><br\/>Der Verein kann sich jederzeit selbst aufl\u00f6sen.<br\/><strong>Von Gesetzes wegen (Art. 77 ZGB)<\/strong><br\/>Wenn der Verein zahlungsunf\u00e4hig ist oder keine statutarisch konforme Leitung mehr einsetzen kann.<br\/><strong>Auf richterlichen Entscheid (Art. 78 ZGB)<\/strong><br\/>Wenn der Vereinszweck rechtswidrig oder sittenwidrig ist.<\/p>\n<\/div>\n<\/div>\n\n\n\n<div class=\"wp-block-column is-layout-flow wp-block-column-is-layout-flow\" style=\"flex-basis:33.33%\">\n<div class=\"wp-block-group has-background is-layout-constrained wp-block-group-is-layout-constrained\" style=\"border-radius:8px;background-color:#c14a9080\">\n<h2 class=\"wp-block-heading\"><strong>Unterst\u00fctzung erhalten<\/strong><\/h2>\n\n\n\n<p>Falls Ihre Fragen durch die auf dieser Seite zur Verf\u00fcgung gestellten Ressourcen nicht beantwortet werden, z\u00f6gern Sie nicht, eine kostenlose individuelle Beratung anzufordern. <\/p>\n\n\n\n<p>Das Team von B\u00e9n\u00e9volat Fribourg Freiburg unterst\u00fctzt Sie gerne bei der Aufl\u00f6sung Ihres Vereins.<\/p>\n\n\n\n<div class=\"wp-block-buttons is-content-justification-center is-layout-flex wp-container-core-buttons-is-layout-a89b3969 wp-block-buttons-is-layout-flex\">\n<div class=\"wp-block-button\"><a class=\"wp-block-button__link wp-element-button\" href=\"https:\/\/www.benevolat-fr.ch\/contact\/\">Zum Kontaktformular<\/a><\/div>\n<\/div>\n<\/div>\n\n\n\n<div class=\"wp-block-group has-background is-layout-constrained wp-block-group-is-layout-constrained\" style=\"border-radius:8px;background-color:#ce5e5480\">\n<h2 class=\"wp-block-heading\">Online-Ressourcen<\/h2>\n\n\n\n<p><a href=\"https:\/\/www.vitamineb.ch\/uploads\/media\/default\/2774\/Dissoudre_association2022.pdf\" target=\"_blank\" rel=\"noreferrer noopener\">Merkblatt: Einen Verein aufl\u00f6sen<\/a><\/p>\n\n\n\n<p>Dieses Merkblatt von Vitamin B enth\u00e4lt alle wichtigen Informationen rund um die Vereinsaufl\u00f6sung.<\/p>\n<\/div>\n\n\n\n<div class=\"wp-block-group has-background is-layout-constrained wp-block-group-is-layout-constrained\" style=\"border-radius:8px;background-color:#df9b1b80\">\n<h2 class=\"wp-block-heading\"><strong>Literaturhinweis<\/strong><\/h2>\n\n\n\n<p><strong>PERRIN, J.-F., <em>Droit de l&#8217;association, <\/em>Schulthess, 2008:<\/strong><br\/>Dieses Werk behandelt alle Aspekte des Vereinsrechts, einschliesslich der Aufl\u00f6sung. Es ist leider vergriffen, kann aber digital in den Archiven der <a href=\"https:\/\/archive-ouverte.unige.ch\/unige:10707\" target=\"_blank\" rel=\"noreferrer noopener\">Universit\u00e4t Genf<\/a> eingesehen werden. <\/p>\n<\/div>\n\n\n\n<div class=\"wp-block-group has-background is-layout-constrained wp-block-group-is-layout-constrained\" style=\"border-radius:8px;background-color:#3d6fb480\">\n<h2 class=\"wp-block-heading\"><strong>Vorlagen<\/strong><\/h2>\n\n\n\n<p><a href=\"https:\/\/www.benevolat-fribourg-freiburg.ch\/wp-content\/uploads\/2024\/11\/TemplateOJAGDissolution.docx\" data-type=\"link\" data-id=\"https:\/\/www.benevolat-fribourg-freiburg.ch\/wp-content\/uploads\/2024\/11\/TemplateOJAGDissolution.docx\">Traktandenliste: Aufl\u00f6sungs-GV<\/a><\/p>\n\n\n\n<p><a href=\"https:\/\/www.benevolat-fribourg-freiburg.ch\/wp-content\/uploads\/2024\/11\/TemplatePVAGDissolution.docx\">Protokoll: Aufl\u00f6sungs-GV<\/a><\/p>\n<\/div>\n<\/div>\n<\/div>\n","protected":false},"excerpt":{"rendered":"<p>Wie jede Organisation durchl\u00e4uft auch ein Verein verschiedene Phasen \u2013 Wachstum, R\u00fcckgang und manchmal das Ende. So schwer es auch fallen mag, sich von einem Projekt zu verabschieden, in das viele Stunden Arbeit investiert wurden \u2013 manchmal ist die Aufl\u00f6sung eines Vereins notwendig, sei es wegen fehlender Ressourcen, mangelndem Engagement der Mitglieder oder weil der [&hellip;]<\/p>\n","protected":false},"author":1,"featured_media":32483,"comment_status":"closed","ping_status":"closed","sticky":false,"template":"","format":"standard","meta":{"_acf_changed":false,"_jetpack_memberships_contains_paid_content":false,"footnotes":""},"categories":[155],"tags":[],"class_list":["post-32721","post","type-post","status-publish","format-standard","has-post-thumbnail","hentry","category-rechtlich"],"blocksy_meta":[],"acf":{"date-actualite":null,"horaire":"de xx:xx \u00e0 xx:xx","lieu":""},"yoast_head":"<!-- This site is optimized with the Yoast SEO plugin v27.5 - https:\/\/yoast.com\/product\/yoast-seo-wordpress\/ -->\n<title>Einen Verein aufl\u00f6sen - B\u00e9n\u00e9volat Fribourg Freiburg<\/title>\n<meta name=\"robots\" content=\"index, follow, max-snippet:-1, max-image-preview:large, max-video-preview:-1\" \/>\n<link rel=\"canonical\" href=\"https:\/\/www.benevolat-fr.ch\/de\/einen-verein-aufloesen\/\" \/>\n<meta property=\"og:locale\" content=\"de_DE\" \/>\n<meta property=\"og:type\" content=\"article\" \/>\n<meta property=\"og:title\" content=\"Einen Verein aufl\u00f6sen - B\u00e9n\u00e9volat Fribourg Freiburg\" \/>\n<meta property=\"og:description\" content=\"Wie jede Organisation durchl\u00e4uft auch ein Verein verschiedene Phasen \u2013 Wachstum, R\u00fcckgang und manchmal das Ende. So schwer es auch fallen mag, sich von einem Projekt zu verabschieden, in das viele Stunden Arbeit investiert wurden \u2013 manchmal ist die Aufl\u00f6sung eines Vereins notwendig, sei es wegen fehlender Ressourcen, mangelndem Engagement der Mitglieder oder weil der [&hellip;]\" \/>\n<meta property=\"og:url\" content=\"https:\/\/www.benevolat-fr.ch\/de\/einen-verein-aufloesen\/\" \/>\n<meta property=\"og:site_name\" content=\"B\u00e9n\u00e9volat Fribourg Freiburg\" \/>\n<meta property=\"article:publisher\" content=\"https:\/\/www.facebook.com\/BenevolatFribourgFreiburg\" \/>\n<meta property=\"article:published_time\" content=\"2023-09-15T13:21:48+00:00\" \/>\n<meta property=\"article:modified_time\" content=\"2025-07-22T07:22:19+00:00\" \/>\n<meta property=\"og:image\" content=\"https:\/\/www.benevolat-fr.ch\/wp-content\/uploads\/2023\/10\/venb0ddegze.jpg\" \/>\n\t<meta property=\"og:image:width\" content=\"1600\" \/>\n\t<meta property=\"og:image:height\" content=\"1067\" \/>\n\t<meta property=\"og:image:type\" content=\"image\/jpeg\" \/>\n<meta name=\"author\" content=\"B\u00e9n\u00e9volat Fribourg Freiburg\" \/>\n<meta name=\"twitter:card\" content=\"summary_large_image\" \/>\n<meta name=\"twitter:label1\" content=\"Verfasst von\" \/>\n\t<meta name=\"twitter:data1\" content=\"B\u00e9n\u00e9volat Fribourg Freiburg\" \/>\n\t<meta name=\"twitter:label2\" content=\"Gesch\u00e4tzte Lesezeit\" \/>\n\t<meta name=\"twitter:data2\" content=\"3\u00a0Minuten\" \/>\n<script type=\"application\/ld+json\" class=\"yoast-schema-graph\">{\"@context\":\"https:\\\/\\\/schema.org\",\"@graph\":[{\"@type\":\"Article\",\"@id\":\"https:\\\/\\\/www.benevolat-fr.ch\\\/de\\\/einen-verein-aufloesen\\\/#article\",\"isPartOf\":{\"@id\":\"https:\\\/\\\/www.benevolat-fr.ch\\\/de\\\/einen-verein-aufloesen\\\/\"},\"author\":{\"name\":\"B\u00e9n\u00e9volat Fribourg Freiburg\",\"@id\":\"https:\\\/\\\/www.benevolat-fr.ch\\\/de\\\/#\\\/schema\\\/person\\\/f3789d0fa329cf656f0f952c26154953\"},\"headline\":\"Einen Verein aufl\u00f6sen\",\"datePublished\":\"2023-09-15T13:21:48+00:00\",\"dateModified\":\"2025-07-22T07:22:19+00:00\",\"mainEntityOfPage\":{\"@id\":\"https:\\\/\\\/www.benevolat-fr.ch\\\/de\\\/einen-verein-aufloesen\\\/\"},\"wordCount\":575,\"publisher\":{\"@id\":\"https:\\\/\\\/www.benevolat-fr.ch\\\/de\\\/#organization\"},\"image\":{\"@id\":\"https:\\\/\\\/www.benevolat-fr.ch\\\/de\\\/einen-verein-aufloesen\\\/#primaryimage\"},\"thumbnailUrl\":\"https:\\\/\\\/www.benevolat-fr.ch\\\/wp-content\\\/uploads\\\/2023\\\/10\\\/venb0ddegze.jpg\",\"articleSection\":[\"Rechtlich\"],\"inLanguage\":\"de\"},{\"@type\":\"WebPage\",\"@id\":\"https:\\\/\\\/www.benevolat-fr.ch\\\/de\\\/einen-verein-aufloesen\\\/\",\"url\":\"https:\\\/\\\/www.benevolat-fr.ch\\\/de\\\/einen-verein-aufloesen\\\/\",\"name\":\"Einen Verein aufl\u00f6sen - B\u00e9n\u00e9volat Fribourg Freiburg\",\"isPartOf\":{\"@id\":\"https:\\\/\\\/www.benevolat-fr.ch\\\/de\\\/#website\"},\"primaryImageOfPage\":{\"@id\":\"https:\\\/\\\/www.benevolat-fr.ch\\\/de\\\/einen-verein-aufloesen\\\/#primaryimage\"},\"image\":{\"@id\":\"https:\\\/\\\/www.benevolat-fr.ch\\\/de\\\/einen-verein-aufloesen\\\/#primaryimage\"},\"thumbnailUrl\":\"https:\\\/\\\/www.benevolat-fr.ch\\\/wp-content\\\/uploads\\\/2023\\\/10\\\/venb0ddegze.jpg\",\"datePublished\":\"2023-09-15T13:21:48+00:00\",\"dateModified\":\"2025-07-22T07:22:19+00:00\",\"breadcrumb\":{\"@id\":\"https:\\\/\\\/www.benevolat-fr.ch\\\/de\\\/einen-verein-aufloesen\\\/#breadcrumb\"},\"inLanguage\":\"de\",\"potentialAction\":[{\"@type\":\"ReadAction\",\"target\":[\"https:\\\/\\\/www.benevolat-fr.ch\\\/de\\\/einen-verein-aufloesen\\\/\"]}]},{\"@type\":\"ImageObject\",\"inLanguage\":\"de\",\"@id\":\"https:\\\/\\\/www.benevolat-fr.ch\\\/de\\\/einen-verein-aufloesen\\\/#primaryimage\",\"url\":\"https:\\\/\\\/www.benevolat-fr.ch\\\/wp-content\\\/uploads\\\/2023\\\/10\\\/venb0ddegze.jpg\",\"contentUrl\":\"https:\\\/\\\/www.benevolat-fr.ch\\\/wp-content\\\/uploads\\\/2023\\\/10\\\/venb0ddegze.jpg\",\"width\":1600,\"height\":1067,\"caption\":\"brown wooden tool on white surface\"},{\"@type\":\"BreadcrumbList\",\"@id\":\"https:\\\/\\\/www.benevolat-fr.ch\\\/de\\\/einen-verein-aufloesen\\\/#breadcrumb\",\"itemListElement\":[{\"@type\":\"ListItem\",\"position\":1,\"name\":\"Accueil\",\"item\":\"https:\\\/\\\/www.benevolat-fr.ch\\\/de\\\/\"},{\"@type\":\"ListItem\",\"position\":2,\"name\":\"Einen Verein aufl\u00f6sen\"}]},{\"@type\":\"WebSite\",\"@id\":\"https:\\\/\\\/www.benevolat-fr.ch\\\/de\\\/#website\",\"url\":\"https:\\\/\\\/www.benevolat-fr.ch\\\/de\\\/\",\"name\":\"B\u00e9n\u00e9volat Fribourg Freiburg\",\"description\":\"Le centre de comp\u00e9tence pour la vie associative et b\u00e9n\u00e9vole fribourgeoise\",\"publisher\":{\"@id\":\"https:\\\/\\\/www.benevolat-fr.ch\\\/de\\\/#organization\"},\"alternateName\":\"BFF\",\"potentialAction\":[{\"@type\":\"SearchAction\",\"target\":{\"@type\":\"EntryPoint\",\"urlTemplate\":\"https:\\\/\\\/www.benevolat-fr.ch\\\/de\\\/?s={search_term_string}\"},\"query-input\":{\"@type\":\"PropertyValueSpecification\",\"valueRequired\":true,\"valueName\":\"search_term_string\"}}],\"inLanguage\":\"de\"},{\"@type\":\"Organization\",\"@id\":\"https:\\\/\\\/www.benevolat-fr.ch\\\/de\\\/#organization\",\"name\":\"B\u00e9n\u00e9volat Fribourg Freiburg\",\"alternateName\":\"BFF\",\"url\":\"https:\\\/\\\/www.benevolat-fr.ch\\\/de\\\/\",\"logo\":{\"@type\":\"ImageObject\",\"inLanguage\":\"de\",\"@id\":\"https:\\\/\\\/www.benevolat-fr.ch\\\/de\\\/#\\\/schema\\\/logo\\\/image\\\/\",\"url\":\"https:\\\/\\\/www.benevolat-fr.ch\\\/wp-content\\\/uploads\\\/2023\\\/09\\\/BFF_Color_Pos_Subline_Landscape.svg\",\"contentUrl\":\"https:\\\/\\\/www.benevolat-fr.ch\\\/wp-content\\\/uploads\\\/2023\\\/09\\\/BFF_Color_Pos_Subline_Landscape.svg\",\"width\":390,\"height\":135,\"caption\":\"B\u00e9n\u00e9volat Fribourg Freiburg\"},\"image\":{\"@id\":\"https:\\\/\\\/www.benevolat-fr.ch\\\/de\\\/#\\\/schema\\\/logo\\\/image\\\/\"},\"sameAs\":[\"https:\\\/\\\/www.facebook.com\\\/BenevolatFribourgFreiburg\",\"https:\\\/\\\/www.instagram.com\\\/benevolat_fribourg_freiburg\\\/\",\"https:\\\/\\\/www.linkedin.com\\\/company\\\/benevolat-fribourg-freiburg\\\/\"]},{\"@type\":\"Person\",\"@id\":\"https:\\\/\\\/www.benevolat-fr.ch\\\/de\\\/#\\\/schema\\\/person\\\/f3789d0fa329cf656f0f952c26154953\",\"name\":\"B\u00e9n\u00e9volat Fribourg Freiburg\",\"image\":{\"@type\":\"ImageObject\",\"inLanguage\":\"de\",\"@id\":\"https:\\\/\\\/secure.gravatar.com\\\/avatar\\\/69d2547934941fed8c4983a095f6e69e29419887e828ebff90b629b5247811f3?s=96&d=mm&r=g\",\"url\":\"https:\\\/\\\/secure.gravatar.com\\\/avatar\\\/69d2547934941fed8c4983a095f6e69e29419887e828ebff90b629b5247811f3?s=96&d=mm&r=g\",\"contentUrl\":\"https:\\\/\\\/secure.gravatar.com\\\/avatar\\\/69d2547934941fed8c4983a095f6e69e29419887e828ebff90b629b5247811f3?s=96&d=mm&r=g\",\"caption\":\"B\u00e9n\u00e9volat Fribourg Freiburg\"},\"sameAs\":[\"http:\\\/\\\/benevolat-fribourg-freiburg.ch\"],\"url\":\"https:\\\/\\\/www.benevolat-fr.ch\\\/de\\\/author\\\/benevolatfribourg\\\/\"}]}<\/script>\n<!-- \/ Yoast SEO plugin. -->","yoast_head_json":{"title":"Einen Verein aufl\u00f6sen - B\u00e9n\u00e9volat Fribourg Freiburg","robots":{"index":"index","follow":"follow","max-snippet":"max-snippet:-1","max-image-preview":"max-image-preview:large","max-video-preview":"max-video-preview:-1"},"canonical":"https:\/\/www.benevolat-fr.ch\/de\/einen-verein-aufloesen\/","og_locale":"de_DE","og_type":"article","og_title":"Einen Verein aufl\u00f6sen - B\u00e9n\u00e9volat Fribourg Freiburg","og_description":"Wie jede Organisation durchl\u00e4uft auch ein Verein verschiedene Phasen \u2013 Wachstum, R\u00fcckgang und manchmal das Ende. So schwer es auch fallen mag, sich von einem Projekt zu verabschieden, in das viele Stunden Arbeit investiert wurden \u2013 manchmal ist die Aufl\u00f6sung eines Vereins notwendig, sei es wegen fehlender Ressourcen, mangelndem Engagement der Mitglieder oder weil der [&hellip;]","og_url":"https:\/\/www.benevolat-fr.ch\/de\/einen-verein-aufloesen\/","og_site_name":"B\u00e9n\u00e9volat Fribourg Freiburg","article_publisher":"https:\/\/www.facebook.com\/BenevolatFribourgFreiburg","article_published_time":"2023-09-15T13:21:48+00:00","article_modified_time":"2025-07-22T07:22:19+00:00","og_image":[{"width":1600,"height":1067,"url":"https:\/\/www.benevolat-fr.ch\/wp-content\/uploads\/2023\/10\/venb0ddegze.jpg","type":"image\/jpeg"}],"author":"B\u00e9n\u00e9volat Fribourg Freiburg","twitter_card":"summary_large_image","twitter_misc":{"Verfasst von":"B\u00e9n\u00e9volat Fribourg Freiburg","Gesch\u00e4tzte Lesezeit":"3\u00a0Minuten"},"schema":{"@context":"https:\/\/schema.org","@graph":[{"@type":"Article","@id":"https:\/\/www.benevolat-fr.ch\/de\/einen-verein-aufloesen\/#article","isPartOf":{"@id":"https:\/\/www.benevolat-fr.ch\/de\/einen-verein-aufloesen\/"},"author":{"name":"B\u00e9n\u00e9volat Fribourg Freiburg","@id":"https:\/\/www.benevolat-fr.ch\/de\/#\/schema\/person\/f3789d0fa329cf656f0f952c26154953"},"headline":"Einen Verein aufl\u00f6sen","datePublished":"2023-09-15T13:21:48+00:00","dateModified":"2025-07-22T07:22:19+00:00","mainEntityOfPage":{"@id":"https:\/\/www.benevolat-fr.ch\/de\/einen-verein-aufloesen\/"},"wordCount":575,"publisher":{"@id":"https:\/\/www.benevolat-fr.ch\/de\/#organization"},"image":{"@id":"https:\/\/www.benevolat-fr.ch\/de\/einen-verein-aufloesen\/#primaryimage"},"thumbnailUrl":"https:\/\/www.benevolat-fr.ch\/wp-content\/uploads\/2023\/10\/venb0ddegze.jpg","articleSection":["Rechtlich"],"inLanguage":"de"},{"@type":"WebPage","@id":"https:\/\/www.benevolat-fr.ch\/de\/einen-verein-aufloesen\/","url":"https:\/\/www.benevolat-fr.ch\/de\/einen-verein-aufloesen\/","name":"Einen Verein aufl\u00f6sen - B\u00e9n\u00e9volat Fribourg Freiburg","isPartOf":{"@id":"https:\/\/www.benevolat-fr.ch\/de\/#website"},"primaryImageOfPage":{"@id":"https:\/\/www.benevolat-fr.ch\/de\/einen-verein-aufloesen\/#primaryimage"},"image":{"@id":"https:\/\/www.benevolat-fr.ch\/de\/einen-verein-aufloesen\/#primaryimage"},"thumbnailUrl":"https:\/\/www.benevolat-fr.ch\/wp-content\/uploads\/2023\/10\/venb0ddegze.jpg","datePublished":"2023-09-15T13:21:48+00:00","dateModified":"2025-07-22T07:22:19+00:00","breadcrumb":{"@id":"https:\/\/www.benevolat-fr.ch\/de\/einen-verein-aufloesen\/#breadcrumb"},"inLanguage":"de","potentialAction":[{"@type":"ReadAction","target":["https:\/\/www.benevolat-fr.ch\/de\/einen-verein-aufloesen\/"]}]},{"@type":"ImageObject","inLanguage":"de","@id":"https:\/\/www.benevolat-fr.ch\/de\/einen-verein-aufloesen\/#primaryimage","url":"https:\/\/www.benevolat-fr.ch\/wp-content\/uploads\/2023\/10\/venb0ddegze.jpg","contentUrl":"https:\/\/www.benevolat-fr.ch\/wp-content\/uploads\/2023\/10\/venb0ddegze.jpg","width":1600,"height":1067,"caption":"brown wooden tool on white surface"},{"@type":"BreadcrumbList","@id":"https:\/\/www.benevolat-fr.ch\/de\/einen-verein-aufloesen\/#breadcrumb","itemListElement":[{"@type":"ListItem","position":1,"name":"Accueil","item":"https:\/\/www.benevolat-fr.ch\/de\/"},{"@type":"ListItem","position":2,"name":"Einen Verein aufl\u00f6sen"}]},{"@type":"WebSite","@id":"https:\/\/www.benevolat-fr.ch\/de\/#website","url":"https:\/\/www.benevolat-fr.ch\/de\/","name":"B\u00e9n\u00e9volat Fribourg Freiburg","description":"Le centre de comp\u00e9tence pour la vie associative et b\u00e9n\u00e9vole fribourgeoise","publisher":{"@id":"https:\/\/www.benevolat-fr.ch\/de\/#organization"},"alternateName":"BFF","potentialAction":[{"@type":"SearchAction","target":{"@type":"EntryPoint","urlTemplate":"https:\/\/www.benevolat-fr.ch\/de\/?s={search_term_string}"},"query-input":{"@type":"PropertyValueSpecification","valueRequired":true,"valueName":"search_term_string"}}],"inLanguage":"de"},{"@type":"Organization","@id":"https:\/\/www.benevolat-fr.ch\/de\/#organization","name":"B\u00e9n\u00e9volat Fribourg Freiburg","alternateName":"BFF","url":"https:\/\/www.benevolat-fr.ch\/de\/","logo":{"@type":"ImageObject","inLanguage":"de","@id":"https:\/\/www.benevolat-fr.ch\/de\/#\/schema\/logo\/image\/","url":"https:\/\/www.benevolat-fr.ch\/wp-content\/uploads\/2023\/09\/BFF_Color_Pos_Subline_Landscape.svg","contentUrl":"https:\/\/www.benevolat-fr.ch\/wp-content\/uploads\/2023\/09\/BFF_Color_Pos_Subline_Landscape.svg","width":390,"height":135,"caption":"B\u00e9n\u00e9volat Fribourg Freiburg"},"image":{"@id":"https:\/\/www.benevolat-fr.ch\/de\/#\/schema\/logo\/image\/"},"sameAs":["https:\/\/www.facebook.com\/BenevolatFribourgFreiburg","https:\/\/www.instagram.com\/benevolat_fribourg_freiburg\/","https:\/\/www.linkedin.com\/company\/benevolat-fribourg-freiburg\/"]},{"@type":"Person","@id":"https:\/\/www.benevolat-fr.ch\/de\/#\/schema\/person\/f3789d0fa329cf656f0f952c26154953","name":"B\u00e9n\u00e9volat Fribourg Freiburg","image":{"@type":"ImageObject","inLanguage":"de","@id":"https:\/\/secure.gravatar.com\/avatar\/69d2547934941fed8c4983a095f6e69e29419887e828ebff90b629b5247811f3?s=96&d=mm&r=g","url":"https:\/\/secure.gravatar.com\/avatar\/69d2547934941fed8c4983a095f6e69e29419887e828ebff90b629b5247811f3?s=96&d=mm&r=g","contentUrl":"https:\/\/secure.gravatar.com\/avatar\/69d2547934941fed8c4983a095f6e69e29419887e828ebff90b629b5247811f3?s=96&d=mm&r=g","caption":"B\u00e9n\u00e9volat Fribourg Freiburg"},"sameAs":["http:\/\/benevolat-fribourg-freiburg.ch"],"url":"https:\/\/www.benevolat-fr.ch\/de\/author\/benevolatfribourg\/"}]}},"jetpack_featured_media_url":"https:\/\/www.benevolat-fr.ch\/wp-content\/uploads\/2023\/10\/venb0ddegze.jpg","jetpack_sharing_enabled":true,"publishpress_future_workflow_manual_trigger":{"enabledWorkflows":[]},"_links":{"self":[{"href":"https:\/\/www.benevolat-fr.ch\/de\/wp-json\/wp\/v2\/posts\/32721","targetHints":{"allow":["GET"]}}],"collection":[{"href":"https:\/\/www.benevolat-fr.ch\/de\/wp-json\/wp\/v2\/posts"}],"about":[{"href":"https:\/\/www.benevolat-fr.ch\/de\/wp-json\/wp\/v2\/types\/post"}],"author":[{"embeddable":true,"href":"https:\/\/www.benevolat-fr.ch\/de\/wp-json\/wp\/v2\/users\/1"}],"replies":[{"embeddable":true,"href":"https:\/\/www.benevolat-fr.ch\/de\/wp-json\/wp\/v2\/comments?post=32721"}],"version-history":[{"count":1,"href":"https:\/\/www.benevolat-fr.ch\/de\/wp-json\/wp\/v2\/posts\/32721\/revisions"}],"predecessor-version":[{"id":32722,"href":"https:\/\/www.benevolat-fr.ch\/de\/wp-json\/wp\/v2\/posts\/32721\/revisions\/32722"}],"wp:featuredmedia":[{"embeddable":true,"href":"https:\/\/www.benevolat-fr.ch\/de\/wp-json\/wp\/v2\/media\/32483"}],"wp:attachment":[{"href":"https:\/\/www.benevolat-fr.ch\/de\/wp-json\/wp\/v2\/media?parent=32721"}],"wp:term":[{"taxonomy":"category","embeddable":true,"href":"https:\/\/www.benevolat-fr.ch\/de\/wp-json\/wp\/v2\/categories?post=32721"},{"taxonomy":"post_tag","embeddable":true,"href":"https:\/\/www.benevolat-fr.ch\/de\/wp-json\/wp\/v2\/tags?post=32721"}],"curies":[{"name":"wp","href":"https:\/\/api.w.org\/{rel}","templated":true}]}}