{"id":32717,"date":"2025-02-12T09:49:23","date_gmt":"2025-02-12T08:49:23","guid":{"rendered":"https:\/\/www.benevolat-fr.ch\/besteuerung-von-vereinen-das-wichtigste-in-kuerze\/"},"modified":"2025-07-22T14:06:01","modified_gmt":"2025-07-22T12:06:01","slug":"besteuerung-von-vereinen-das-wichtigste-in-kuerze","status":"publish","type":"post","link":"https:\/\/www.benevolat-fr.ch\/de\/besteuerung-von-vereinen-das-wichtigste-in-kuerze\/","title":{"rendered":"Besteuerung von Vereinen \u2013 das Wichtigste in K\u00fcrze"},"content":{"rendered":"\n<div class=\"wp-block-group is-layout-constrained wp-block-group-is-layout-constrained\">\n<div class=\"wp-block-group has-background is-layout-constrained wp-block-group-is-layout-constrained\" style=\"border-radius:8px;background-color:#c14a9080\">\n<h5 class=\"wp-block-heading\">\u00abUnser Verein ist gemeinn\u00fctzig, also m\u00fcssen wir keine Steuererkl\u00e4rung einreichen.\u00bb<\/h5>\n\n\n\n<p>Diese unter Vereinsvorst\u00e4nden weit verbreitete Annahme ist falsch. <strong>&#8211;<\/strong><\/p>\n\n\n\n<p><strong>Ein Verein ist eine juristische Person und muss deshalb eine Steuererkl\u00e4rung ausf\u00fcllen<\/strong> \u2013 genau wie alle anderen Steuerpflichtigen. Jeder Verein, der am Ende des Gesch\u00e4ftsjahres seinen Sitz im Kanton Freiburg hat, muss als juristische Person Steuern bezahlen, insbesondere auf den Gewinn und das Eigenkapital. <strong>Die meisten Vereine \u00fcberschreiten jedoch weder mit ihrem Verm\u00f6gen noch mit ihrem Gewinn das steuerbare Minimum<\/strong> und <strong>reichen deshalb keine Steuererkl\u00e4rung ein<\/strong>. <\/p>\n\n\n\n<p><strong>Tats\u00e4chlich gibt es derzeit keine systematische Kontrolle von Vereinen, die sich nicht von sich aus melden.<\/strong> Sie m\u00fcssen sich jedoch melden, wenn sie eine Steuerbefreiung wegen Gemeinn\u00fctzigkeit beantragen wollen oder das steuerbare Mindesteinkommen oder Mindestverm\u00f6gen \u00fcberschreiten. <strong>Ein Verein, der diese Schwellen \u00fcberschreitet, ohne sich zu melden, verletzt seine Mitwirkungspflichten. Dies kann eine Nachbesteuerung \u00fcber zehn Jahre, ein Verfahren wegen Steuerhinterziehung und in gewissen F\u00e4llen auch strafrechtliche Konsequenzen nach sich ziehen. <\/strong><\/p>\n\n\n\n<p>Erh\u00e4lt ein Verein (<strong>ausgenommen solche, die von der Steuerpflicht befreit sind<\/strong>) jedes Jahr eine Steuererkl\u00e4rung, <strong>kann die Steuerverwaltung den Versand einstellen, wenn w\u00e4hrend drei aufeinanderfolgenden Jahren die Steuerfreibetr\u00e4ge nicht \u00fcberschritten werden<\/strong>. Bei Fragen empfiehlt es sich, direkt mit der zust\u00e4ndigen Steuerverwaltung Kontakt aufzunehmen.<\/p>\n\n\n\n<p>F\u00fcr das Steuerjahr 2024 ist die Frist zur Einreichung der Steuererkl\u00e4rung f\u00fcr Vereine, Stiftungen und andere juristische Personen der <strong>30.04.2025<\/strong>.<\/p>\n<\/div>\n<\/div>\n\n<div class=\"wp-block-group has-background is-layout-constrained wp-block-group-is-layout-constrained\" style=\"border-radius:8px;background-color:#3d6fb480\">\n<h2 class=\"wp-block-heading\"><strong><strong>Wie hoch sind die Vereinssteuern im Jahr 2025?<\/strong><\/strong><\/h2>\n\n\n\n<figure class=\"wp-block-table\"><table><tbody><tr><td><strong> <\/strong><\/td><td><strong>Gemeinde<\/strong><\/td><td><strong>Kanton<\/strong><\/td><td><strong>Bund<\/strong><\/td><\/tr><tr><td>Verm\u00f6gens- \/ Kapitalsteuer<\/td><td rowspan=\"2\">Die Gemeindesteuer variiert je nach Vereinssitz. In der Stadt Freiburg entspricht sie 80\u202f% der einfachen Kantonssteuer \u2013 sowohl auf den Gewinn als auch auf das Kapital.  <br\/><br\/>Ein Verein, der auf Kantonsebene weder Gewinn noch Kapital versteuert, wird auch auf Gemeindeebene nicht besteuert.<\/td><td><strong>Steuersatz<\/strong>: 1\u202f% des Eigenkapitals. <strong>Ausnahme<\/strong>: Das Eigenkapital wird nicht besteuert, wenn es unter 100\u2019000 CHF liegt (200\u2019000 CHF bei Vereinen mit ideellen Zwecken).<\/td><td>Keine Kapitalsteuer<\/td><\/tr><tr><td>Gewinnsteuer<\/td><td><strong>Steuersatz<\/strong>: 4\u202f% des steuerbaren Reingewinns. 1\u202f% f\u00fcr Gewinne aus gelegentlichen Veranstaltungen. <br\/><strong>Ausnahme<\/strong>: Gewinne unter 5\u2019000 CHF sind steuerfrei (20\u2019000 CHF bei Vereinen mit ideellen Zwecken).<\/td><td><strong>Steuersatz<\/strong>: 4.25\u202f% des steuerbaren Reingewinns.<br\/><strong>Ausnahme<\/strong>: Gewinne unter 5\u2019000 CHF sind steuerfrei (20\u2019000 CHF bei Vereinen mit ideellen Zwecken, nicht gleichzusetzen mit Gemeinn\u00fctzigkeit).<\/td><\/tr><tr><td>Mehrwertsteuer (MWST)<\/td><td colspan=\"3\">Vereine sind ab 100\u2019000 CHF Umsatz aus steuerbaren Produkten und Dienstleistungen mehrwertsteuerpflichtig. Seit dem 1.<sup> <\/sup>Januar 2023 sind kulturelle, sportliche oder gemeinn\u00fctzige Vereine erst ab einem Umsatz von 250\u2019000 CHF mehrwertsteuerpflichtig <\/td><\/tr><\/tbody><\/table><\/figure>\n<\/div>\n\n<div class=\"wp-block-columns is-layout-flex wp-container-core-columns-is-layout-28f84493 wp-block-columns-is-layout-flex\">\n<div class=\"wp-block-column is-layout-flow wp-block-column-is-layout-flow\" style=\"flex-basis:66.66%\">\n<div class=\"wp-block-group has-background is-layout-constrained wp-block-group-is-layout-constrained\" style=\"border-radius:8px;background-color:#aecfab80\">\n<h2 class=\"wp-block-heading\">CHECKLISTE<\/h2>\n\n\n\n<ol class=\"wp-block-list\">\n<li>Beim Abschluss Ihrer Buchhaltung: Pr\u00fcfen Sie, ob Ihr Verein die steuerbaren Mindestgrenzen f\u00fcr Verm\u00f6gen und Gewinn \u00fcberschreitet.<\/li>\n\n\n\n<li>Falls ja und Sie bereits eine Steueridentifikationsnummer haben: Laden Sie das Steuerformular direkt auf der Website der kantonalen Steuerverwaltung herunter. Falls Sie noch keine Steueridentifikationsnummer haben: Nehmen Sie mit der kantonalen Steuerverwaltung Kontakt auf. Im Zweifelsfall empfiehlt es sich, ein Treuhandb\u00fcro beizuziehen.  <\/li>\n\n\n\n<li>Liegt Ihr Verein unterhalb der Steuerfreigrenzen, k\u00f6nnen Sie bei der Steuerverwaltung nachfragen, ob Sie die Steuererkl\u00e4rung dennoch einreichen m\u00fcssen.<\/li>\n\n\n\n<li>Behalten Sie in jedem Fall im Auge, ob sich die steuerlichen Freibetr\u00e4ge ver\u00e4ndern und wie sich die finanzielle Situation Ihres Vereins entwickelt.<\/li>\n<\/ol>\n<\/div>\n\n\n\n<div class=\"wp-block-group has-background is-layout-constrained wp-block-group-is-layout-constrained\" style=\"border-radius:8px;background-color:#ce5e5480\">\n<h2 class=\"wp-block-heading\">Online-Ressourcen<\/h2>\n\n\n\n<p><a href=\"http:\/\/www.fr.ch\/impots\/personnes-morales\/impot-des-personnes-morales-generalites-et-documents\">Homepage der Kantonalen Steuerverwaltung<\/a><\/p>\n<\/div>\n<\/div>\n\n\n\n<div class=\"wp-block-column is-layout-flow wp-block-column-is-layout-flow\" style=\"flex-basis:33.33%\">\n<div class=\"wp-block-group has-background is-layout-constrained wp-block-group-is-layout-constrained\" style=\"border-radius:8px;background-color:#df9b1b80\">\n<h2 class=\"wp-block-heading\">Steuerbefreiung<\/h2>\n\n\n\n<p>Vereine, die einen gemeinn\u00fctzigen Zweck verfolgen, k\u00f6nnen eine Steuerbefreiung beantragen, sofern sie die Voraussetzungen daf\u00fcr erf\u00fcllen. Der Antrag ist bei der kantonalen Steuerverwaltung einzureichen.  <\/p>\n\n\n\n<p>Wichtig: Die Steuerbefreiung betrifft lediglich gewisse Steuern \u2013 sie bedeutet weder eine vollst\u00e4ndige Befreiung von der Steuerpflicht noch von der Pflicht zur Einreichung der Steuererkl\u00e4rung. <\/p>\n\n\n\n<p>Gemeinn\u00fctzige Vereine sind nicht automatisch von der Mehrwertsteuer oder der Grundst\u00fcckgewinnsteuer befreit. Weitere Informationen zur Steuerbefreiung finden Sie in <a href=\"https:\/\/www.fr.ch\/sites\/default\/files\/2018-06\/exonerations_f.pdf\">diesem Dokument<\/a>. <\/p>\n<\/div>\n<\/div>\n<\/div>\n\n<p><\/p>\n","protected":false},"excerpt":{"rendered":"<p>\u00abUnser Verein ist gemeinn\u00fctzig, also m\u00fcssen wir keine Steuererkl\u00e4rung einreichen.\u00bb Diese unter Vereinsvorst\u00e4nden weit verbreitete Annahme ist falsch. &#8211; Ein Verein ist eine juristische Person und muss deshalb eine Steuererkl\u00e4rung ausf\u00fcllen \u2013 genau wie alle anderen Steuerpflichtigen. Jeder Verein, der am Ende des Gesch\u00e4ftsjahres seinen Sitz im Kanton Freiburg hat, muss als juristische Person Steuern [&hellip;]<\/p>\n","protected":false},"author":1,"featured_media":32627,"comment_status":"closed","ping_status":"closed","sticky":false,"template":"","format":"standard","meta":{"_acf_changed":false,"_jetpack_memberships_contains_paid_content":false,"footnotes":""},"categories":[154],"tags":[],"class_list":["post-32717","post","type-post","status-publish","format-standard","has-post-thumbnail","hentry","category-finanzen"],"blocksy_meta":[],"acf":{"date-actualite":null,"horaire":"de xx:xx \u00e0 xx:xx","lieu":""},"yoast_head":"<!-- This site is optimized with the Yoast SEO plugin v27.5 - https:\/\/yoast.com\/product\/yoast-seo-wordpress\/ -->\n<title>Besteuerung von Vereinen \u2013 das Wichtigste in K\u00fcrze - B\u00e9n\u00e9volat Fribourg Freiburg<\/title>\n<meta name=\"robots\" content=\"index, follow, max-snippet:-1, max-image-preview:large, max-video-preview:-1\" \/>\n<link rel=\"canonical\" href=\"https:\/\/www.benevolat-fr.ch\/de\/besteuerung-von-vereinen-das-wichtigste-in-kuerze\/\" \/>\n<meta property=\"og:locale\" content=\"de_DE\" \/>\n<meta property=\"og:type\" content=\"article\" \/>\n<meta property=\"og:title\" content=\"Besteuerung von Vereinen \u2013 das Wichtigste in K\u00fcrze - B\u00e9n\u00e9volat Fribourg Freiburg\" \/>\n<meta property=\"og:description\" content=\"\u00abUnser Verein ist gemeinn\u00fctzig, also m\u00fcssen wir keine Steuererkl\u00e4rung einreichen.\u00bb Diese unter Vereinsvorst\u00e4nden weit verbreitete Annahme ist falsch. &#8211; Ein Verein ist eine juristische Person und muss deshalb eine Steuererkl\u00e4rung ausf\u00fcllen \u2013 genau wie alle anderen Steuerpflichtigen. Jeder Verein, der am Ende des Gesch\u00e4ftsjahres seinen Sitz im Kanton Freiburg hat, muss als juristische Person Steuern [&hellip;]\" \/>\n<meta property=\"og:url\" content=\"https:\/\/www.benevolat-fr.ch\/de\/besteuerung-von-vereinen-das-wichtigste-in-kuerze\/\" \/>\n<meta property=\"og:site_name\" content=\"B\u00e9n\u00e9volat Fribourg Freiburg\" \/>\n<meta property=\"article:publisher\" content=\"https:\/\/www.facebook.com\/BenevolatFribourgFreiburg\" \/>\n<meta property=\"article:published_time\" content=\"2025-02-12T08:49:23+00:00\" \/>\n<meta property=\"article:modified_time\" content=\"2025-07-22T12:06:01+00:00\" \/>\n<meta property=\"og:image\" content=\"https:\/\/www.benevolat-fr.ch\/wp-content\/uploads\/2025\/02\/8dedp6s93po.jpg\" \/>\n\t<meta property=\"og:image:width\" content=\"1600\" \/>\n\t<meta property=\"og:image:height\" content=\"1125\" \/>\n\t<meta property=\"og:image:type\" content=\"image\/jpeg\" \/>\n<meta name=\"author\" content=\"B\u00e9n\u00e9volat Fribourg Freiburg\" \/>\n<meta name=\"twitter:card\" content=\"summary_large_image\" \/>\n<meta name=\"twitter:label1\" content=\"Verfasst von\" \/>\n\t<meta name=\"twitter:data1\" content=\"B\u00e9n\u00e9volat Fribourg Freiburg\" \/>\n\t<meta name=\"twitter:label2\" content=\"Gesch\u00e4tzte Lesezeit\" \/>\n\t<meta name=\"twitter:data2\" content=\"3\u00a0Minuten\" \/>\n<script type=\"application\/ld+json\" class=\"yoast-schema-graph\">{\"@context\":\"https:\\\/\\\/schema.org\",\"@graph\":[{\"@type\":\"Article\",\"@id\":\"https:\\\/\\\/www.benevolat-fr.ch\\\/de\\\/besteuerung-von-vereinen-das-wichtigste-in-kuerze\\\/#article\",\"isPartOf\":{\"@id\":\"https:\\\/\\\/www.benevolat-fr.ch\\\/de\\\/besteuerung-von-vereinen-das-wichtigste-in-kuerze\\\/\"},\"author\":{\"name\":\"B\u00e9n\u00e9volat Fribourg Freiburg\",\"@id\":\"https:\\\/\\\/www.benevolat-fr.ch\\\/de\\\/#\\\/schema\\\/person\\\/f3789d0fa329cf656f0f952c26154953\"},\"headline\":\"Besteuerung von Vereinen \u2013 das Wichtigste in K\u00fcrze\",\"datePublished\":\"2025-02-12T08:49:23+00:00\",\"dateModified\":\"2025-07-22T12:06:01+00:00\",\"mainEntityOfPage\":{\"@id\":\"https:\\\/\\\/www.benevolat-fr.ch\\\/de\\\/besteuerung-von-vereinen-das-wichtigste-in-kuerze\\\/\"},\"wordCount\":587,\"publisher\":{\"@id\":\"https:\\\/\\\/www.benevolat-fr.ch\\\/de\\\/#organization\"},\"image\":{\"@id\":\"https:\\\/\\\/www.benevolat-fr.ch\\\/de\\\/besteuerung-von-vereinen-das-wichtigste-in-kuerze\\\/#primaryimage\"},\"thumbnailUrl\":\"https:\\\/\\\/www.benevolat-fr.ch\\\/wp-content\\\/uploads\\\/2025\\\/02\\\/8dedp6s93po.jpg\",\"articleSection\":[\"Finanzen\"],\"inLanguage\":\"de\"},{\"@type\":\"WebPage\",\"@id\":\"https:\\\/\\\/www.benevolat-fr.ch\\\/de\\\/besteuerung-von-vereinen-das-wichtigste-in-kuerze\\\/\",\"url\":\"https:\\\/\\\/www.benevolat-fr.ch\\\/de\\\/besteuerung-von-vereinen-das-wichtigste-in-kuerze\\\/\",\"name\":\"Besteuerung von Vereinen \u2013 das Wichtigste in K\u00fcrze - B\u00e9n\u00e9volat Fribourg Freiburg\",\"isPartOf\":{\"@id\":\"https:\\\/\\\/www.benevolat-fr.ch\\\/de\\\/#website\"},\"primaryImageOfPage\":{\"@id\":\"https:\\\/\\\/www.benevolat-fr.ch\\\/de\\\/besteuerung-von-vereinen-das-wichtigste-in-kuerze\\\/#primaryimage\"},\"image\":{\"@id\":\"https:\\\/\\\/www.benevolat-fr.ch\\\/de\\\/besteuerung-von-vereinen-das-wichtigste-in-kuerze\\\/#primaryimage\"},\"thumbnailUrl\":\"https:\\\/\\\/www.benevolat-fr.ch\\\/wp-content\\\/uploads\\\/2025\\\/02\\\/8dedp6s93po.jpg\",\"datePublished\":\"2025-02-12T08:49:23+00:00\",\"dateModified\":\"2025-07-22T12:06:01+00:00\",\"breadcrumb\":{\"@id\":\"https:\\\/\\\/www.benevolat-fr.ch\\\/de\\\/besteuerung-von-vereinen-das-wichtigste-in-kuerze\\\/#breadcrumb\"},\"inLanguage\":\"de\",\"potentialAction\":[{\"@type\":\"ReadAction\",\"target\":[\"https:\\\/\\\/www.benevolat-fr.ch\\\/de\\\/besteuerung-von-vereinen-das-wichtigste-in-kuerze\\\/\"]}]},{\"@type\":\"ImageObject\",\"inLanguage\":\"de\",\"@id\":\"https:\\\/\\\/www.benevolat-fr.ch\\\/de\\\/besteuerung-von-vereinen-das-wichtigste-in-kuerze\\\/#primaryimage\",\"url\":\"https:\\\/\\\/www.benevolat-fr.ch\\\/wp-content\\\/uploads\\\/2025\\\/02\\\/8dedp6s93po.jpg\",\"contentUrl\":\"https:\\\/\\\/www.benevolat-fr.ch\\\/wp-content\\\/uploads\\\/2025\\\/02\\\/8dedp6s93po.jpg\",\"width\":1600,\"height\":1125,\"caption\":\"white printed paper\"},{\"@type\":\"BreadcrumbList\",\"@id\":\"https:\\\/\\\/www.benevolat-fr.ch\\\/de\\\/besteuerung-von-vereinen-das-wichtigste-in-kuerze\\\/#breadcrumb\",\"itemListElement\":[{\"@type\":\"ListItem\",\"position\":1,\"name\":\"Accueil\",\"item\":\"https:\\\/\\\/www.benevolat-fr.ch\\\/de\\\/\"},{\"@type\":\"ListItem\",\"position\":2,\"name\":\"Besteuerung von Vereinen \u2013 das Wichtigste in K\u00fcrze\"}]},{\"@type\":\"WebSite\",\"@id\":\"https:\\\/\\\/www.benevolat-fr.ch\\\/de\\\/#website\",\"url\":\"https:\\\/\\\/www.benevolat-fr.ch\\\/de\\\/\",\"name\":\"B\u00e9n\u00e9volat Fribourg Freiburg\",\"description\":\"Le centre de comp\u00e9tence pour la vie associative et b\u00e9n\u00e9vole fribourgeoise\",\"publisher\":{\"@id\":\"https:\\\/\\\/www.benevolat-fr.ch\\\/de\\\/#organization\"},\"alternateName\":\"BFF\",\"potentialAction\":[{\"@type\":\"SearchAction\",\"target\":{\"@type\":\"EntryPoint\",\"urlTemplate\":\"https:\\\/\\\/www.benevolat-fr.ch\\\/de\\\/?s={search_term_string}\"},\"query-input\":{\"@type\":\"PropertyValueSpecification\",\"valueRequired\":true,\"valueName\":\"search_term_string\"}}],\"inLanguage\":\"de\"},{\"@type\":\"Organization\",\"@id\":\"https:\\\/\\\/www.benevolat-fr.ch\\\/de\\\/#organization\",\"name\":\"B\u00e9n\u00e9volat Fribourg Freiburg\",\"alternateName\":\"BFF\",\"url\":\"https:\\\/\\\/www.benevolat-fr.ch\\\/de\\\/\",\"logo\":{\"@type\":\"ImageObject\",\"inLanguage\":\"de\",\"@id\":\"https:\\\/\\\/www.benevolat-fr.ch\\\/de\\\/#\\\/schema\\\/logo\\\/image\\\/\",\"url\":\"https:\\\/\\\/www.benevolat-fr.ch\\\/wp-content\\\/uploads\\\/2023\\\/09\\\/BFF_Color_Pos_Subline_Landscape.svg\",\"contentUrl\":\"https:\\\/\\\/www.benevolat-fr.ch\\\/wp-content\\\/uploads\\\/2023\\\/09\\\/BFF_Color_Pos_Subline_Landscape.svg\",\"width\":390,\"height\":135,\"caption\":\"B\u00e9n\u00e9volat Fribourg Freiburg\"},\"image\":{\"@id\":\"https:\\\/\\\/www.benevolat-fr.ch\\\/de\\\/#\\\/schema\\\/logo\\\/image\\\/\"},\"sameAs\":[\"https:\\\/\\\/www.facebook.com\\\/BenevolatFribourgFreiburg\",\"https:\\\/\\\/www.instagram.com\\\/benevolat_fribourg_freiburg\\\/\",\"https:\\\/\\\/www.linkedin.com\\\/company\\\/benevolat-fribourg-freiburg\\\/\"]},{\"@type\":\"Person\",\"@id\":\"https:\\\/\\\/www.benevolat-fr.ch\\\/de\\\/#\\\/schema\\\/person\\\/f3789d0fa329cf656f0f952c26154953\",\"name\":\"B\u00e9n\u00e9volat Fribourg Freiburg\",\"image\":{\"@type\":\"ImageObject\",\"inLanguage\":\"de\",\"@id\":\"https:\\\/\\\/secure.gravatar.com\\\/avatar\\\/69d2547934941fed8c4983a095f6e69e29419887e828ebff90b629b5247811f3?s=96&d=mm&r=g\",\"url\":\"https:\\\/\\\/secure.gravatar.com\\\/avatar\\\/69d2547934941fed8c4983a095f6e69e29419887e828ebff90b629b5247811f3?s=96&d=mm&r=g\",\"contentUrl\":\"https:\\\/\\\/secure.gravatar.com\\\/avatar\\\/69d2547934941fed8c4983a095f6e69e29419887e828ebff90b629b5247811f3?s=96&d=mm&r=g\",\"caption\":\"B\u00e9n\u00e9volat Fribourg Freiburg\"},\"sameAs\":[\"http:\\\/\\\/benevolat-fribourg-freiburg.ch\"],\"url\":\"https:\\\/\\\/www.benevolat-fr.ch\\\/de\\\/author\\\/benevolatfribourg\\\/\"}]}<\/script>\n<!-- \/ Yoast SEO plugin. -->","yoast_head_json":{"title":"Besteuerung von Vereinen \u2013 das Wichtigste in K\u00fcrze - B\u00e9n\u00e9volat Fribourg Freiburg","robots":{"index":"index","follow":"follow","max-snippet":"max-snippet:-1","max-image-preview":"max-image-preview:large","max-video-preview":"max-video-preview:-1"},"canonical":"https:\/\/www.benevolat-fr.ch\/de\/besteuerung-von-vereinen-das-wichtigste-in-kuerze\/","og_locale":"de_DE","og_type":"article","og_title":"Besteuerung von Vereinen \u2013 das Wichtigste in K\u00fcrze - B\u00e9n\u00e9volat Fribourg Freiburg","og_description":"\u00abUnser Verein ist gemeinn\u00fctzig, also m\u00fcssen wir keine Steuererkl\u00e4rung einreichen.\u00bb Diese unter Vereinsvorst\u00e4nden weit verbreitete Annahme ist falsch. &#8211; Ein Verein ist eine juristische Person und muss deshalb eine Steuererkl\u00e4rung ausf\u00fcllen \u2013 genau wie alle anderen Steuerpflichtigen. Jeder Verein, der am Ende des Gesch\u00e4ftsjahres seinen Sitz im Kanton Freiburg hat, muss als juristische Person Steuern [&hellip;]","og_url":"https:\/\/www.benevolat-fr.ch\/de\/besteuerung-von-vereinen-das-wichtigste-in-kuerze\/","og_site_name":"B\u00e9n\u00e9volat Fribourg Freiburg","article_publisher":"https:\/\/www.facebook.com\/BenevolatFribourgFreiburg","article_published_time":"2025-02-12T08:49:23+00:00","article_modified_time":"2025-07-22T12:06:01+00:00","og_image":[{"width":1600,"height":1125,"url":"https:\/\/www.benevolat-fr.ch\/wp-content\/uploads\/2025\/02\/8dedp6s93po.jpg","type":"image\/jpeg"}],"author":"B\u00e9n\u00e9volat Fribourg Freiburg","twitter_card":"summary_large_image","twitter_misc":{"Verfasst von":"B\u00e9n\u00e9volat Fribourg Freiburg","Gesch\u00e4tzte Lesezeit":"3\u00a0Minuten"},"schema":{"@context":"https:\/\/schema.org","@graph":[{"@type":"Article","@id":"https:\/\/www.benevolat-fr.ch\/de\/besteuerung-von-vereinen-das-wichtigste-in-kuerze\/#article","isPartOf":{"@id":"https:\/\/www.benevolat-fr.ch\/de\/besteuerung-von-vereinen-das-wichtigste-in-kuerze\/"},"author":{"name":"B\u00e9n\u00e9volat Fribourg Freiburg","@id":"https:\/\/www.benevolat-fr.ch\/de\/#\/schema\/person\/f3789d0fa329cf656f0f952c26154953"},"headline":"Besteuerung von Vereinen \u2013 das Wichtigste in K\u00fcrze","datePublished":"2025-02-12T08:49:23+00:00","dateModified":"2025-07-22T12:06:01+00:00","mainEntityOfPage":{"@id":"https:\/\/www.benevolat-fr.ch\/de\/besteuerung-von-vereinen-das-wichtigste-in-kuerze\/"},"wordCount":587,"publisher":{"@id":"https:\/\/www.benevolat-fr.ch\/de\/#organization"},"image":{"@id":"https:\/\/www.benevolat-fr.ch\/de\/besteuerung-von-vereinen-das-wichtigste-in-kuerze\/#primaryimage"},"thumbnailUrl":"https:\/\/www.benevolat-fr.ch\/wp-content\/uploads\/2025\/02\/8dedp6s93po.jpg","articleSection":["Finanzen"],"inLanguage":"de"},{"@type":"WebPage","@id":"https:\/\/www.benevolat-fr.ch\/de\/besteuerung-von-vereinen-das-wichtigste-in-kuerze\/","url":"https:\/\/www.benevolat-fr.ch\/de\/besteuerung-von-vereinen-das-wichtigste-in-kuerze\/","name":"Besteuerung von Vereinen \u2013 das Wichtigste in K\u00fcrze - B\u00e9n\u00e9volat Fribourg Freiburg","isPartOf":{"@id":"https:\/\/www.benevolat-fr.ch\/de\/#website"},"primaryImageOfPage":{"@id":"https:\/\/www.benevolat-fr.ch\/de\/besteuerung-von-vereinen-das-wichtigste-in-kuerze\/#primaryimage"},"image":{"@id":"https:\/\/www.benevolat-fr.ch\/de\/besteuerung-von-vereinen-das-wichtigste-in-kuerze\/#primaryimage"},"thumbnailUrl":"https:\/\/www.benevolat-fr.ch\/wp-content\/uploads\/2025\/02\/8dedp6s93po.jpg","datePublished":"2025-02-12T08:49:23+00:00","dateModified":"2025-07-22T12:06:01+00:00","breadcrumb":{"@id":"https:\/\/www.benevolat-fr.ch\/de\/besteuerung-von-vereinen-das-wichtigste-in-kuerze\/#breadcrumb"},"inLanguage":"de","potentialAction":[{"@type":"ReadAction","target":["https:\/\/www.benevolat-fr.ch\/de\/besteuerung-von-vereinen-das-wichtigste-in-kuerze\/"]}]},{"@type":"ImageObject","inLanguage":"de","@id":"https:\/\/www.benevolat-fr.ch\/de\/besteuerung-von-vereinen-das-wichtigste-in-kuerze\/#primaryimage","url":"https:\/\/www.benevolat-fr.ch\/wp-content\/uploads\/2025\/02\/8dedp6s93po.jpg","contentUrl":"https:\/\/www.benevolat-fr.ch\/wp-content\/uploads\/2025\/02\/8dedp6s93po.jpg","width":1600,"height":1125,"caption":"white printed paper"},{"@type":"BreadcrumbList","@id":"https:\/\/www.benevolat-fr.ch\/de\/besteuerung-von-vereinen-das-wichtigste-in-kuerze\/#breadcrumb","itemListElement":[{"@type":"ListItem","position":1,"name":"Accueil","item":"https:\/\/www.benevolat-fr.ch\/de\/"},{"@type":"ListItem","position":2,"name":"Besteuerung von Vereinen \u2013 das Wichtigste in K\u00fcrze"}]},{"@type":"WebSite","@id":"https:\/\/www.benevolat-fr.ch\/de\/#website","url":"https:\/\/www.benevolat-fr.ch\/de\/","name":"B\u00e9n\u00e9volat Fribourg Freiburg","description":"Le centre de comp\u00e9tence pour la vie associative et b\u00e9n\u00e9vole fribourgeoise","publisher":{"@id":"https:\/\/www.benevolat-fr.ch\/de\/#organization"},"alternateName":"BFF","potentialAction":[{"@type":"SearchAction","target":{"@type":"EntryPoint","urlTemplate":"https:\/\/www.benevolat-fr.ch\/de\/?s={search_term_string}"},"query-input":{"@type":"PropertyValueSpecification","valueRequired":true,"valueName":"search_term_string"}}],"inLanguage":"de"},{"@type":"Organization","@id":"https:\/\/www.benevolat-fr.ch\/de\/#organization","name":"B\u00e9n\u00e9volat Fribourg Freiburg","alternateName":"BFF","url":"https:\/\/www.benevolat-fr.ch\/de\/","logo":{"@type":"ImageObject","inLanguage":"de","@id":"https:\/\/www.benevolat-fr.ch\/de\/#\/schema\/logo\/image\/","url":"https:\/\/www.benevolat-fr.ch\/wp-content\/uploads\/2023\/09\/BFF_Color_Pos_Subline_Landscape.svg","contentUrl":"https:\/\/www.benevolat-fr.ch\/wp-content\/uploads\/2023\/09\/BFF_Color_Pos_Subline_Landscape.svg","width":390,"height":135,"caption":"B\u00e9n\u00e9volat Fribourg Freiburg"},"image":{"@id":"https:\/\/www.benevolat-fr.ch\/de\/#\/schema\/logo\/image\/"},"sameAs":["https:\/\/www.facebook.com\/BenevolatFribourgFreiburg","https:\/\/www.instagram.com\/benevolat_fribourg_freiburg\/","https:\/\/www.linkedin.com\/company\/benevolat-fribourg-freiburg\/"]},{"@type":"Person","@id":"https:\/\/www.benevolat-fr.ch\/de\/#\/schema\/person\/f3789d0fa329cf656f0f952c26154953","name":"B\u00e9n\u00e9volat Fribourg Freiburg","image":{"@type":"ImageObject","inLanguage":"de","@id":"https:\/\/secure.gravatar.com\/avatar\/69d2547934941fed8c4983a095f6e69e29419887e828ebff90b629b5247811f3?s=96&d=mm&r=g","url":"https:\/\/secure.gravatar.com\/avatar\/69d2547934941fed8c4983a095f6e69e29419887e828ebff90b629b5247811f3?s=96&d=mm&r=g","contentUrl":"https:\/\/secure.gravatar.com\/avatar\/69d2547934941fed8c4983a095f6e69e29419887e828ebff90b629b5247811f3?s=96&d=mm&r=g","caption":"B\u00e9n\u00e9volat Fribourg Freiburg"},"sameAs":["http:\/\/benevolat-fribourg-freiburg.ch"],"url":"https:\/\/www.benevolat-fr.ch\/de\/author\/benevolatfribourg\/"}]}},"jetpack_featured_media_url":"https:\/\/www.benevolat-fr.ch\/wp-content\/uploads\/2025\/02\/8dedp6s93po.jpg","jetpack_sharing_enabled":true,"publishpress_future_workflow_manual_trigger":{"enabledWorkflows":[]},"_links":{"self":[{"href":"https:\/\/www.benevolat-fr.ch\/de\/wp-json\/wp\/v2\/posts\/32717","targetHints":{"allow":["GET"]}}],"collection":[{"href":"https:\/\/www.benevolat-fr.ch\/de\/wp-json\/wp\/v2\/posts"}],"about":[{"href":"https:\/\/www.benevolat-fr.ch\/de\/wp-json\/wp\/v2\/types\/post"}],"author":[{"embeddable":true,"href":"https:\/\/www.benevolat-fr.ch\/de\/wp-json\/wp\/v2\/users\/1"}],"replies":[{"embeddable":true,"href":"https:\/\/www.benevolat-fr.ch\/de\/wp-json\/wp\/v2\/comments?post=32717"}],"version-history":[{"count":3,"href":"https:\/\/www.benevolat-fr.ch\/de\/wp-json\/wp\/v2\/posts\/32717\/revisions"}],"predecessor-version":[{"id":32759,"href":"https:\/\/www.benevolat-fr.ch\/de\/wp-json\/wp\/v2\/posts\/32717\/revisions\/32759"}],"wp:featuredmedia":[{"embeddable":true,"href":"https:\/\/www.benevolat-fr.ch\/de\/wp-json\/wp\/v2\/media\/32627"}],"wp:attachment":[{"href":"https:\/\/www.benevolat-fr.ch\/de\/wp-json\/wp\/v2\/media?parent=32717"}],"wp:term":[{"taxonomy":"category","embeddable":true,"href":"https:\/\/www.benevolat-fr.ch\/de\/wp-json\/wp\/v2\/categories?post=32717"},{"taxonomy":"post_tag","embeddable":true,"href":"https:\/\/www.benevolat-fr.ch\/de\/wp-json\/wp\/v2\/tags?post=32717"}],"curies":[{"name":"wp","href":"https:\/\/api.w.org\/{rel}","templated":true}]}}